{"id":1985,"date":"2019-06-03T12:45:47","date_gmt":"2019-06-03T12:45:47","guid":{"rendered":"https:\/\/elementmetech.wpengine.com\/2019\/06\/03\/element-metech-i-esloev-mot-ny-adress-i-nya-lokaler\/"},"modified":"2021-11-22T09:37:35","modified_gmt":"2021-11-22T09:37:35","slug":"element-metech-i-esloev-mot-ny-adress-i-nya-lokaler","status":"publish","type":"post","link":"https:\/\/elementmetech.com\/sv\/element-metech-i-esloev-mot-ny-adress-i-nya-lokaler\/","title":{"rendered":"Element Metech i Esl\u00f6v mot ny adress i nya lokaler"},"content":{"rendered":"<p>[et_pb_section fb_built=&#8221;1&#8243; admin_label=&#8221;section&#8221; _builder_version=&#8221;3.22&#8243; global_colors_info=&#8221;{}&#8221;][et_pb_row admin_label=&#8221;row&#8221; _builder_version=&#8221;3.25&#8243; background_size=&#8221;initial&#8221; background_position=&#8221;top_left&#8221; background_repeat=&#8221;repeat&#8221; global_colors_info=&#8221;{}&#8221;][et_pb_column type=&#8221;4_4&#8243; _builder_version=&#8221;3.25&#8243; custom_padding=&#8221;|||&#8221; global_colors_info=&#8221;{}&#8221; custom_padding__hover=&#8221;|||&#8221;][et_pb_text admin_label=&#8221;Text&#8221; _builder_version=&#8221;4.11.1&#8243; background_size=&#8221;initial&#8221; background_position=&#8221;top_left&#8221; background_repeat=&#8221;repeat&#8221; hover_enabled=&#8221;0&#8243; global_colors_info=&#8221;{}&#8221; sticky_enabled=&#8221;0&#8243;]<\/p>\n<div class=\"super-lead\">\n<p>Efter m\u00e5nga \u00e5r p\u00e5 \u00c5kermans v\u00e4g 10 har vi under v\u00e5ren f\u00e4rdigst\u00e4llt v\u00e5ra nya lokaler p\u00e5 Verkstadsv\u00e4gen 5 i Esl\u00f6v. Flytten g\u00e5r till nyrenoverade lokaler som \u00e4r b\u00e4ttre anpassade f\u00f6r v\u00e5r personal och v\u00e5r verksamhet.<\/p>\n<\/div>\n<h3>Fr\u00e5n och med den 1:a juli g\u00e4ller v\u00e5r nya gods- och bes\u00f6ksadress:<\/h3>\n<p>Element Metech AB<br \/>Verkstadsv\u00e4gen 5<br \/>241 38 Esl\u00f6v<\/p>\n<p>Fram till dess g\u00e4ller v\u00e5r befintliga adress \u00c5kermans v\u00e4g 10. Vi skall p\u00e5 alla s\u00e4tt f\u00f6rs\u00f6ka uppr\u00e4tth\u00e5lla en bra \u00f6verg\u00e5ngsl\u00f6sning f\u00f6r dig som kund utan st\u00f6rningar i din produktion.<\/p>\n<h3>V\u00e4lkommen p\u00e5 \u00f6ppet hus!<\/h3>\n<p>Vi planerar f\u00f6r ett \u00f6ppet hus med visning av verksamheten och invigning av de nya lokalerna under h\u00f6sten. En separat inbjudan kommer. H\u00f6r g\u00e4rna av dig s\u00e5 att du kommer med p\u00e5 inbjudningslistan.<\/p>\n<h3>H\u00f6r g\u00e4rna av dig<\/h3>\n<p>Tveka inte att kontakta oss om du har fr\u00e5gor om v\u00e5ra tj\u00e4nster eller just dina m\u00e4tdon och m\u00e4tbehov.<\/p>\n<ul>\n<li><a href=\"mailto:info.metech.eslov@element.com\">info.metech.eslov@element.com<\/a><\/li>\n<li>010-603 61 50<a href=\"http:\/\/www.elementmetech.se\"><br \/><\/a><\/li>\n<\/ul>\n<p>2018 var ett mycket h\u00e4ndelserikt \u00e5r, d\u00e5 vi bytte namn fr\u00e5n Exova Metech till Element Metech och vi ser ingen avmattning under 2019. Vi ser fram mot att ge dig b\u00e4sta t\u00e4nkbara service f\u00f6r dina m\u00e4tdon.<\/p>\n<p><strong>Vi ber att f\u00e5 \u00f6nska dig en riktigt bra sommar!<\/strong><\/p>\n<p>Med v\u00e4nliga h\u00e4lsningar,<\/p>\n<p>Anette Holmgren.\u00a0Platschef Esl\u00f6v\u00a0<br \/>Jens Bergendorff, Regionchef<\/p>\n<p>&nbsp;<\/p>\n<p>[\/et_pb_text][\/et_pb_column][\/et_pb_row][\/et_pb_section]<\/p>\n","protected":false},"excerpt":{"rendered":"<p>Efter m\u00e5nga \u00e5r p\u00e5 \u00c5kermans v\u00e4g 10 har vi under v\u00e5ren f\u00e4rdigst\u00e4llt v\u00e5ra nya lokaler p\u00e5 Verkstadsv\u00e4gen 5 i Esl\u00f6v. Flytten g\u00e5r till nyrenoverade lokaler som \u00e4r b\u00e4ttre anpassade f\u00f6r v\u00e5r personal och v\u00e5r verksamhet. Fr\u00e5n och med den 1:a juli g\u00e4ller v\u00e5r nya gods- och bes\u00f6ksadress: Element Metech ABVerkstadsv\u00e4gen 5241 38 Esl\u00f6v Fram till [&hellip;]<\/p>\n","protected":false},"author":33,"featured_media":1913,"comment_status":"open","ping_status":"open","sticky":false,"template":"","format":"standard","meta":{"_acf_changed":false,"_et_pb_use_builder":"on","_et_pb_old_content":"<p><strong>Efter m\u00e5nga \u00e5r p\u00e5 \u00c5kermans v\u00e4g 10 har vi under v\u00e5ren f\u00e4rdigst\u00e4llt v\u00e5ra nya lokaler p\u00e5 Verkstadsv\u00e4gen 5 i Esl\u00f6v. Flytten g\u00e5r till nyrenoverade lokaler som \u00e4r b\u00e4ttre anpassade f\u00f6r v\u00e5r personal och v\u00e5r verksamhet.<\/strong><\/p> <h3>Fr\u00e5n och med den 1:a juli g\u00e4ller v\u00e5r nya gods- och bes\u00f6ksadress:<\/h3> <p>Element Metech AB<br \/>Verkstadsv\u00e4gen 5<br \/>241 38 Esl\u00f6v<\/p> <p>Fram till dess g\u00e4ller v\u00e5r befintliga adress \u00c5kermans v\u00e4g 10. Vi skall p\u00e5 alla s\u00e4tt f\u00f6rs\u00f6ka uppr\u00e4tth\u00e5lla en bra \u00f6verg\u00e5ngsl\u00f6sning f\u00f6r dig som kund utan st\u00f6rningar i din produktion.<\/p> <h3>V\u00e4lkommen p\u00e5 \u00f6ppet hus!<\/h3> <p>Vi planerar f\u00f6r ett \u00f6ppet hus med visning av verksamheten och invigning av de nya lokalerna under h\u00f6sten. En separat inbjudan kommer. H\u00f6r g\u00e4rna av dig s\u00e5 att du kommer med p\u00e5 inbjudningslistan.<\/p> <h3>H\u00f6r g\u00e4rna av dig<\/h3> <p>Tveka inte att kontakta oss om du har fr\u00e5gor om v\u00e5ra tj\u00e4nster eller just dina m\u00e4tdon och m\u00e4tbehov.<\/p> <ul> <li><a href=\"mailto:info.metech.eslov@element.com\">info.metech.eslov@element.com<\/a><\/li> <li>010-603 61 50<a href=\"http:\/\/www.elementmetech.se\"><br \/><\/a><\/li> <\/ul> <p>2018 var ett mycket h\u00e4ndelserikt \u00e5r, d\u00e5 vi bytte namn fr\u00e5n Exova Metech till Element Metech och vi ser ingen avmattning under 2019. Vi ser fram mot att ge dig b\u00e4sta t\u00e4nkbara service f\u00f6r dina m\u00e4tdon.<\/p> <p><strong>Vi ber att f\u00e5 \u00f6nska dig en riktigt bra sommar!<\/strong><\/p> <p>Med v\u00e4nliga h\u00e4lsningar,<\/p> <p>Anette Holmgren.&nbsp;Platschef Esl\u00f6v&nbsp;<br \/>Jens Bergendorff, Regionchef<\/p> <p>&nbsp;<\/p>","_et_gb_content_width":"","footnotes":""},"categories":[11],"tags":[],"class_list":["post-1985","post","type-post","status-publish","format-standard","has-post-thumbnail","hentry","category-news-sv"],"acf":[],"yoast_head":"<!-- This site is optimized with the Yoast SEO plugin v27.3 - https:\/\/yoast.com\/product\/yoast-seo-wordpress\/ -->\n<title>Element Metech i Esl\u00f6v mot ny adress i nya lokaler - Element Metech<\/title>\n<meta name=\"robots\" content=\"index, follow, max-snippet:-1, max-image-preview:large, max-video-preview:-1\" \/>\n<link rel=\"canonical\" href=\"https:\/\/elementmetech.com\/sv\/element-metech-i-esloev-mot-ny-adress-i-nya-lokaler\/\" \/>\n<meta property=\"og:locale\" content=\"sv_SE\" \/>\n<meta property=\"og:type\" content=\"article\" \/>\n<meta property=\"og:title\" content=\"Element Metech i Esl\u00f6v mot ny adress i nya lokaler - Element Metech\" \/>\n<meta property=\"og:description\" content=\"Efter m\u00e5nga \u00e5r p\u00e5 \u00c5kermans v\u00e4g 10 har vi under v\u00e5ren f\u00e4rdigst\u00e4llt v\u00e5ra nya lokaler p\u00e5 Verkstadsv\u00e4gen 5 i Esl\u00f6v. Flytten g\u00e5r till nyrenoverade lokaler som \u00e4r b\u00e4ttre anpassade f\u00f6r v\u00e5r personal och v\u00e5r verksamhet. Fr\u00e5n och med den 1:a juli g\u00e4ller v\u00e5r nya gods- och bes\u00f6ksadress: Element Metech ABVerkstadsv\u00e4gen 5241 38 Esl\u00f6v Fram till [&hellip;]\" \/>\n<meta property=\"og:url\" content=\"https:\/\/elementmetech.com\/sv\/element-metech-i-esloev-mot-ny-adress-i-nya-lokaler\/\" \/>\n<meta property=\"og:site_name\" content=\"Element Metech\" \/>\n<meta property=\"article:published_time\" content=\"2019-06-03T12:45:47+00:00\" \/>\n<meta property=\"article:modified_time\" content=\"2021-11-22T09:37:35+00:00\" \/>\n<meta property=\"og:image\" content=\"https:\/\/elementmetech.com\/wp-content\/uploads\/2021\/06\/Calibration-Electrical-4-640x480.jpg\" \/>\n\t<meta property=\"og:image:width\" content=\"640\" \/>\n\t<meta property=\"og:image:height\" content=\"480\" \/>\n\t<meta property=\"og:image:type\" content=\"image\/jpeg\" \/>\n<meta name=\"author\" content=\"Rikard Isacsson\" \/>\n<meta name=\"twitter:card\" content=\"summary_large_image\" \/>\n<meta name=\"twitter:label1\" content=\"Skriven av\" \/>\n\t<meta name=\"twitter:data1\" content=\"Rikard Isacsson\" \/>\n\t<meta name=\"twitter:label2\" content=\"Ber\u00e4knad l\u00e4stid\" \/>\n\t<meta name=\"twitter:data2\" content=\"2 minuter\" \/>\n<script type=\"application\/ld+json\" class=\"yoast-schema-graph\">{\"@context\":\"https:\\\/\\\/schema.org\",\"@graph\":[{\"@type\":\"Article\",\"@id\":\"https:\\\/\\\/elementmetech.com\\\/sv\\\/element-metech-i-esloev-mot-ny-adress-i-nya-lokaler\\\/#article\",\"isPartOf\":{\"@id\":\"https:\\\/\\\/elementmetech.com\\\/sv\\\/element-metech-i-esloev-mot-ny-adress-i-nya-lokaler\\\/\"},\"author\":{\"name\":\"Rikard Isacsson\",\"@id\":\"https:\\\/\\\/elementmetech.com\\\/sv\\\/#\\\/schema\\\/person\\\/b40e77dd765263cb354b68cc177f239b\"},\"headline\":\"Element Metech i Esl\u00f6v mot ny adress i nya lokaler\",\"datePublished\":\"2019-06-03T12:45:47+00:00\",\"dateModified\":\"2021-11-22T09:37:35+00:00\",\"mainEntityOfPage\":{\"@id\":\"https:\\\/\\\/elementmetech.com\\\/sv\\\/element-metech-i-esloev-mot-ny-adress-i-nya-lokaler\\\/\"},\"wordCount\":345,\"commentCount\":0,\"publisher\":{\"@id\":\"https:\\\/\\\/elementmetech.com\\\/sv\\\/#organization\"},\"image\":{\"@id\":\"https:\\\/\\\/elementmetech.com\\\/sv\\\/element-metech-i-esloev-mot-ny-adress-i-nya-lokaler\\\/#primaryimage\"},\"thumbnailUrl\":\"https:\\\/\\\/elementmetech.com\\\/wp-content\\\/uploads\\\/2021\\\/06\\\/Calibration-Electrical-4-640x480.jpg\",\"articleSection\":[\"Nyhet\"],\"inLanguage\":\"sv-SE\",\"potentialAction\":[{\"@type\":\"CommentAction\",\"name\":\"Comment\",\"target\":[\"https:\\\/\\\/elementmetech.com\\\/sv\\\/element-metech-i-esloev-mot-ny-adress-i-nya-lokaler\\\/#respond\"]}]},{\"@type\":\"WebPage\",\"@id\":\"https:\\\/\\\/elementmetech.com\\\/sv\\\/element-metech-i-esloev-mot-ny-adress-i-nya-lokaler\\\/\",\"url\":\"https:\\\/\\\/elementmetech.com\\\/sv\\\/element-metech-i-esloev-mot-ny-adress-i-nya-lokaler\\\/\",\"name\":\"Element Metech i Esl\u00f6v mot ny adress i nya lokaler - Element Metech\",\"isPartOf\":{\"@id\":\"https:\\\/\\\/elementmetech.com\\\/sv\\\/#website\"},\"primaryImageOfPage\":{\"@id\":\"https:\\\/\\\/elementmetech.com\\\/sv\\\/element-metech-i-esloev-mot-ny-adress-i-nya-lokaler\\\/#primaryimage\"},\"image\":{\"@id\":\"https:\\\/\\\/elementmetech.com\\\/sv\\\/element-metech-i-esloev-mot-ny-adress-i-nya-lokaler\\\/#primaryimage\"},\"thumbnailUrl\":\"https:\\\/\\\/elementmetech.com\\\/wp-content\\\/uploads\\\/2021\\\/06\\\/Calibration-Electrical-4-640x480.jpg\",\"datePublished\":\"2019-06-03T12:45:47+00:00\",\"dateModified\":\"2021-11-22T09:37:35+00:00\",\"breadcrumb\":{\"@id\":\"https:\\\/\\\/elementmetech.com\\\/sv\\\/element-metech-i-esloev-mot-ny-adress-i-nya-lokaler\\\/#breadcrumb\"},\"inLanguage\":\"sv-SE\",\"potentialAction\":[{\"@type\":\"ReadAction\",\"target\":[\"https:\\\/\\\/elementmetech.com\\\/sv\\\/element-metech-i-esloev-mot-ny-adress-i-nya-lokaler\\\/\"]}]},{\"@type\":\"ImageObject\",\"inLanguage\":\"sv-SE\",\"@id\":\"https:\\\/\\\/elementmetech.com\\\/sv\\\/element-metech-i-esloev-mot-ny-adress-i-nya-lokaler\\\/#primaryimage\",\"url\":\"https:\\\/\\\/elementmetech.com\\\/wp-content\\\/uploads\\\/2021\\\/06\\\/Calibration-Electrical-4-640x480.jpg\",\"contentUrl\":\"https:\\\/\\\/elementmetech.com\\\/wp-content\\\/uploads\\\/2021\\\/06\\\/Calibration-Electrical-4-640x480.jpg\",\"width\":640,\"height\":480},{\"@type\":\"BreadcrumbList\",\"@id\":\"https:\\\/\\\/elementmetech.com\\\/sv\\\/element-metech-i-esloev-mot-ny-adress-i-nya-lokaler\\\/#breadcrumb\",\"itemListElement\":[{\"@type\":\"ListItem\",\"position\":1,\"name\":\"Home\",\"item\":\"https:\\\/\\\/elementmetech.com\\\/sv\\\/\"},{\"@type\":\"ListItem\",\"position\":2,\"name\":\"Element Metech i Esl\u00f6v mot ny adress i nya lokaler\"}]},{\"@type\":\"WebSite\",\"@id\":\"https:\\\/\\\/elementmetech.com\\\/sv\\\/#website\",\"url\":\"https:\\\/\\\/elementmetech.com\\\/sv\\\/\",\"name\":\"Element Metech\",\"description\":\"Delivering metrological confidence\",\"publisher\":{\"@id\":\"https:\\\/\\\/elementmetech.com\\\/sv\\\/#organization\"},\"potentialAction\":[{\"@type\":\"SearchAction\",\"target\":{\"@type\":\"EntryPoint\",\"urlTemplate\":\"https:\\\/\\\/elementmetech.com\\\/sv\\\/?s={search_term_string}\"},\"query-input\":{\"@type\":\"PropertyValueSpecification\",\"valueRequired\":true,\"valueName\":\"search_term_string\"}}],\"inLanguage\":\"sv-SE\"},{\"@type\":\"Organization\",\"@id\":\"https:\\\/\\\/elementmetech.com\\\/sv\\\/#organization\",\"name\":\"Element Metech\",\"url\":\"https:\\\/\\\/elementmetech.com\\\/sv\\\/\",\"logo\":{\"@type\":\"ImageObject\",\"inLanguage\":\"sv-SE\",\"@id\":\"https:\\\/\\\/elementmetech.com\\\/sv\\\/#\\\/schema\\\/logo\\\/image\\\/\",\"url\":\"https:\\\/\\\/elementmetech.com\\\/wp-content\\\/uploads\\\/2021\\\/06\\\/Element-Metech-Logo-1.svg\",\"contentUrl\":\"https:\\\/\\\/elementmetech.com\\\/wp-content\\\/uploads\\\/2021\\\/06\\\/Element-Metech-Logo-1.svg\",\"width\":\"1024\",\"height\":\"1024\",\"caption\":\"Element Metech\"},\"image\":{\"@id\":\"https:\\\/\\\/elementmetech.com\\\/sv\\\/#\\\/schema\\\/logo\\\/image\\\/\"},\"sameAs\":[\"https:\\\/\\\/www.linkedin.com\\\/company\\\/element-metech\\\/\"]},{\"@type\":\"Person\",\"@id\":\"https:\\\/\\\/elementmetech.com\\\/sv\\\/#\\\/schema\\\/person\\\/b40e77dd765263cb354b68cc177f239b\",\"name\":\"Rikard Isacsson\",\"image\":{\"@type\":\"ImageObject\",\"inLanguage\":\"sv-SE\",\"@id\":\"https:\\\/\\\/secure.gravatar.com\\\/avatar\\\/29dcc94dfab4bd2e1f7a123d26c87e0a074bc99502c65877a243c6eb5d10ef6a?s=96&d=mm&r=g\",\"url\":\"https:\\\/\\\/secure.gravatar.com\\\/avatar\\\/29dcc94dfab4bd2e1f7a123d26c87e0a074bc99502c65877a243c6eb5d10ef6a?s=96&d=mm&r=g\",\"contentUrl\":\"https:\\\/\\\/secure.gravatar.com\\\/avatar\\\/29dcc94dfab4bd2e1f7a123d26c87e0a074bc99502c65877a243c6eb5d10ef6a?s=96&d=mm&r=g\",\"caption\":\"Rikard Isacsson\"}}]}<\/script>\n<!-- \/ Yoast SEO plugin. -->","yoast_head_json":{"title":"Element Metech i Esl\u00f6v mot ny adress i nya lokaler - Element Metech","robots":{"index":"index","follow":"follow","max-snippet":"max-snippet:-1","max-image-preview":"max-image-preview:large","max-video-preview":"max-video-preview:-1"},"canonical":"https:\/\/elementmetech.com\/sv\/element-metech-i-esloev-mot-ny-adress-i-nya-lokaler\/","og_locale":"sv_SE","og_type":"article","og_title":"Element Metech i Esl\u00f6v mot ny adress i nya lokaler - Element Metech","og_description":"Efter m\u00e5nga \u00e5r p\u00e5 \u00c5kermans v\u00e4g 10 har vi under v\u00e5ren f\u00e4rdigst\u00e4llt v\u00e5ra nya lokaler p\u00e5 Verkstadsv\u00e4gen 5 i Esl\u00f6v. Flytten g\u00e5r till nyrenoverade lokaler som \u00e4r b\u00e4ttre anpassade f\u00f6r v\u00e5r personal och v\u00e5r verksamhet. Fr\u00e5n och med den 1:a juli g\u00e4ller v\u00e5r nya gods- och bes\u00f6ksadress: Element Metech ABVerkstadsv\u00e4gen 5241 38 Esl\u00f6v Fram till [&hellip;]","og_url":"https:\/\/elementmetech.com\/sv\/element-metech-i-esloev-mot-ny-adress-i-nya-lokaler\/","og_site_name":"Element Metech","article_published_time":"2019-06-03T12:45:47+00:00","article_modified_time":"2021-11-22T09:37:35+00:00","og_image":[{"width":640,"height":480,"url":"https:\/\/elementmetech.com\/wp-content\/uploads\/2021\/06\/Calibration-Electrical-4-640x480.jpg","type":"image\/jpeg"}],"author":"Rikard Isacsson","twitter_card":"summary_large_image","twitter_misc":{"Skriven av":"Rikard Isacsson","Ber\u00e4knad l\u00e4stid":"2 minuter"},"schema":{"@context":"https:\/\/schema.org","@graph":[{"@type":"Article","@id":"https:\/\/elementmetech.com\/sv\/element-metech-i-esloev-mot-ny-adress-i-nya-lokaler\/#article","isPartOf":{"@id":"https:\/\/elementmetech.com\/sv\/element-metech-i-esloev-mot-ny-adress-i-nya-lokaler\/"},"author":{"name":"Rikard Isacsson","@id":"https:\/\/elementmetech.com\/sv\/#\/schema\/person\/b40e77dd765263cb354b68cc177f239b"},"headline":"Element Metech i Esl\u00f6v mot ny adress i nya lokaler","datePublished":"2019-06-03T12:45:47+00:00","dateModified":"2021-11-22T09:37:35+00:00","mainEntityOfPage":{"@id":"https:\/\/elementmetech.com\/sv\/element-metech-i-esloev-mot-ny-adress-i-nya-lokaler\/"},"wordCount":345,"commentCount":0,"publisher":{"@id":"https:\/\/elementmetech.com\/sv\/#organization"},"image":{"@id":"https:\/\/elementmetech.com\/sv\/element-metech-i-esloev-mot-ny-adress-i-nya-lokaler\/#primaryimage"},"thumbnailUrl":"https:\/\/elementmetech.com\/wp-content\/uploads\/2021\/06\/Calibration-Electrical-4-640x480.jpg","articleSection":["Nyhet"],"inLanguage":"sv-SE","potentialAction":[{"@type":"CommentAction","name":"Comment","target":["https:\/\/elementmetech.com\/sv\/element-metech-i-esloev-mot-ny-adress-i-nya-lokaler\/#respond"]}]},{"@type":"WebPage","@id":"https:\/\/elementmetech.com\/sv\/element-metech-i-esloev-mot-ny-adress-i-nya-lokaler\/","url":"https:\/\/elementmetech.com\/sv\/element-metech-i-esloev-mot-ny-adress-i-nya-lokaler\/","name":"Element Metech i Esl\u00f6v mot ny adress i nya lokaler - Element Metech","isPartOf":{"@id":"https:\/\/elementmetech.com\/sv\/#website"},"primaryImageOfPage":{"@id":"https:\/\/elementmetech.com\/sv\/element-metech-i-esloev-mot-ny-adress-i-nya-lokaler\/#primaryimage"},"image":{"@id":"https:\/\/elementmetech.com\/sv\/element-metech-i-esloev-mot-ny-adress-i-nya-lokaler\/#primaryimage"},"thumbnailUrl":"https:\/\/elementmetech.com\/wp-content\/uploads\/2021\/06\/Calibration-Electrical-4-640x480.jpg","datePublished":"2019-06-03T12:45:47+00:00","dateModified":"2021-11-22T09:37:35+00:00","breadcrumb":{"@id":"https:\/\/elementmetech.com\/sv\/element-metech-i-esloev-mot-ny-adress-i-nya-lokaler\/#breadcrumb"},"inLanguage":"sv-SE","potentialAction":[{"@type":"ReadAction","target":["https:\/\/elementmetech.com\/sv\/element-metech-i-esloev-mot-ny-adress-i-nya-lokaler\/"]}]},{"@type":"ImageObject","inLanguage":"sv-SE","@id":"https:\/\/elementmetech.com\/sv\/element-metech-i-esloev-mot-ny-adress-i-nya-lokaler\/#primaryimage","url":"https:\/\/elementmetech.com\/wp-content\/uploads\/2021\/06\/Calibration-Electrical-4-640x480.jpg","contentUrl":"https:\/\/elementmetech.com\/wp-content\/uploads\/2021\/06\/Calibration-Electrical-4-640x480.jpg","width":640,"height":480},{"@type":"BreadcrumbList","@id":"https:\/\/elementmetech.com\/sv\/element-metech-i-esloev-mot-ny-adress-i-nya-lokaler\/#breadcrumb","itemListElement":[{"@type":"ListItem","position":1,"name":"Home","item":"https:\/\/elementmetech.com\/sv\/"},{"@type":"ListItem","position":2,"name":"Element Metech i Esl\u00f6v mot ny adress i nya lokaler"}]},{"@type":"WebSite","@id":"https:\/\/elementmetech.com\/sv\/#website","url":"https:\/\/elementmetech.com\/sv\/","name":"Element Metech","description":"Delivering metrological confidence","publisher":{"@id":"https:\/\/elementmetech.com\/sv\/#organization"},"potentialAction":[{"@type":"SearchAction","target":{"@type":"EntryPoint","urlTemplate":"https:\/\/elementmetech.com\/sv\/?s={search_term_string}"},"query-input":{"@type":"PropertyValueSpecification","valueRequired":true,"valueName":"search_term_string"}}],"inLanguage":"sv-SE"},{"@type":"Organization","@id":"https:\/\/elementmetech.com\/sv\/#organization","name":"Element Metech","url":"https:\/\/elementmetech.com\/sv\/","logo":{"@type":"ImageObject","inLanguage":"sv-SE","@id":"https:\/\/elementmetech.com\/sv\/#\/schema\/logo\/image\/","url":"https:\/\/elementmetech.com\/wp-content\/uploads\/2021\/06\/Element-Metech-Logo-1.svg","contentUrl":"https:\/\/elementmetech.com\/wp-content\/uploads\/2021\/06\/Element-Metech-Logo-1.svg","width":"1024","height":"1024","caption":"Element Metech"},"image":{"@id":"https:\/\/elementmetech.com\/sv\/#\/schema\/logo\/image\/"},"sameAs":["https:\/\/www.linkedin.com\/company\/element-metech\/"]},{"@type":"Person","@id":"https:\/\/elementmetech.com\/sv\/#\/schema\/person\/b40e77dd765263cb354b68cc177f239b","name":"Rikard Isacsson","image":{"@type":"ImageObject","inLanguage":"sv-SE","@id":"https:\/\/secure.gravatar.com\/avatar\/29dcc94dfab4bd2e1f7a123d26c87e0a074bc99502c65877a243c6eb5d10ef6a?s=96&d=mm&r=g","url":"https:\/\/secure.gravatar.com\/avatar\/29dcc94dfab4bd2e1f7a123d26c87e0a074bc99502c65877a243c6eb5d10ef6a?s=96&d=mm&r=g","contentUrl":"https:\/\/secure.gravatar.com\/avatar\/29dcc94dfab4bd2e1f7a123d26c87e0a074bc99502c65877a243c6eb5d10ef6a?s=96&d=mm&r=g","caption":"Rikard Isacsson"}}]}},"_links":{"self":[{"href":"https:\/\/elementmetech.com\/sv\/wp-json\/wp\/v2\/posts\/1985","targetHints":{"allow":["GET"]}}],"collection":[{"href":"https:\/\/elementmetech.com\/sv\/wp-json\/wp\/v2\/posts"}],"about":[{"href":"https:\/\/elementmetech.com\/sv\/wp-json\/wp\/v2\/types\/post"}],"author":[{"embeddable":true,"href":"https:\/\/elementmetech.com\/sv\/wp-json\/wp\/v2\/users\/33"}],"replies":[{"embeddable":true,"href":"https:\/\/elementmetech.com\/sv\/wp-json\/wp\/v2\/comments?post=1985"}],"version-history":[{"count":0,"href":"https:\/\/elementmetech.com\/sv\/wp-json\/wp\/v2\/posts\/1985\/revisions"}],"wp:featuredmedia":[{"embeddable":true,"href":"https:\/\/elementmetech.com\/sv\/wp-json\/wp\/v2\/media\/1913"}],"wp:attachment":[{"href":"https:\/\/elementmetech.com\/sv\/wp-json\/wp\/v2\/media?parent=1985"}],"wp:term":[{"taxonomy":"category","embeddable":true,"href":"https:\/\/elementmetech.com\/sv\/wp-json\/wp\/v2\/categories?post=1985"},{"taxonomy":"post_tag","embeddable":true,"href":"https:\/\/elementmetech.com\/sv\/wp-json\/wp\/v2\/tags?post=1985"}],"curies":[{"name":"wp","href":"https:\/\/api.w.org\/{rel}","templated":true}]}}