{"id":9946,"date":"2024-06-17T08:55:05","date_gmt":"2024-06-17T06:55:05","guid":{"rendered":"https:\/\/elementmet3stg.wpenginepowered.com\/?p=9946"},"modified":"2024-06-17T09:08:03","modified_gmt":"2024-06-17T07:08:03","slug":"flytning-til-nyt-hovedsaede-i-herning","status":"publish","type":"post","link":"https:\/\/elementmetech.com\/da\/flytning-til-nyt-hovedsaede-i-herning\/","title":{"rendered":"Flytning til nyt hoveds\u00e6de i Herning"},"content":{"rendered":"<p>Hermed en opdatering om de seneste fremskridt vedr\u00f8rende vores nye hoveds\u00e6de i Herning.<\/p>\n<p>Vi er i fuld gang med byggeriet, og dette markerer et sp\u00e6ndende skridt fremad for Element Metech A\/S.<br \/>\nVi ser frem til de muligheder, dette nye kapitel vil bringe.<\/p>\n<p><strong>Her er nogle vigtige opdateringer:<\/strong><\/p>\n<p><strong>Fremdrift p\u00e5 byggepladsen:<\/strong> Byggeriet har hidtil fulgt tidsplanen, men vi havde desv\u00e6rre uindbudte g\u00e6ster, der klippede 1 tons monterede str\u00f8m- og netv\u00e6rkskabler ned. Dette resulterede i en mindre forsinkelse. Vores totalentrepren\u00f8r arbejder h\u00e5rdt for at indhente det tabte og sikre, at de nye faciliteter lever op til de standarder, vi alle forventer.<\/p>\n<p><strong>Flytteperiode og produktion:<\/strong> P\u00e5 grund af forsinkelsen har vi justeret vores flytteperiode til uge 33 og 34.<br \/>\nI denne periode vil der ikke v\u00e6re produktion i laboratorierne i Karup og Lem, men vores Element Metech hente\/bringe service vil fortsat levere og afhente udstyr.<\/p>\n<p><strong>Kalibrering af udstyr:<\/strong> Vi er fuldt ud klar over, at dette kan p\u00e5virke med hensyn til kalibrering af v\u00e6rkt\u00f8j.<br \/>\nDerfor er det vigtigt for os at informere s\u00e5 vidt muligt. Hvis der er presserende opgaver i perioden, opfordrer vi til at kontakte vores kundecenter, som vil hj\u00e6lpe med at finde l\u00f8sninger og sikre en tilfredsstillende eksekvering af kalibreringerne.<\/p>\n<p><strong>Ferieperioder:<\/strong> Flere af vores kolleger vil holde ferie i ugerne 29 og 30, hvilket vil medf\u00f8re reduceret kapacitet p\u00e5 vores laboratorier.<br \/>\nVores egen Element Metech hente\/bringe service vil ikke v\u00e6re aktiv i disse uger.<\/p>\n<p><strong>Udstyr med udl\u00f8b i flytteperioden:<\/strong> For det udstyr, der har kalibreringsudl\u00f8b i den n\u00e6vnte periode, er vi allerede i gang med at planl\u00e6gge alternative l\u00f8sninger.<br \/>\nVores laboratorier i Taastrup og Esbjerg vil g\u00f8re deres yderste for at im\u00f8dekomme alles behov og sikre, at alt udstyr bliver kalibreret uden st\u00f8rre forsinkelser.<\/p>\n<p>Vi \u00f8nsker allerede nu at takke for forst\u00e5else og t\u00e5lmodighed i denne periode.<br \/>\nElement Metech A\/S er forpligtet til at levere den h\u00f8jeste service og kvalitet, selv under en flytning.<\/p>\n","protected":false},"excerpt":{"rendered":"<p>Hermed en opdatering om de seneste fremskridt vedr\u00f8rende vores nye hoveds\u00e6de i Herning. Vi er i fuld gang med byggeriet, og dette markerer et sp\u00e6ndende skridt fremad for Element Metech A\/S. Vi ser frem til de muligheder, dette nye kapitel vil bringe. Her er nogle vigtige opdateringer: Fremdrift p\u00e5 byggepladsen: Byggeriet har hidtil fulgt tidsplanen, [&hellip;]<\/p>\n","protected":false},"author":27,"featured_media":9951,"comment_status":"closed","ping_status":"open","sticky":false,"template":"","format":"standard","meta":{"_acf_changed":false,"_et_pb_use_builder":"","_et_pb_old_content":"","_et_gb_content_width":"","footnotes":""},"categories":[12],"tags":[269,266,267,268],"class_list":["post-9946","post","type-post","status-publish","format-standard","has-post-thumbnail","hentry","category-news-da","tag-flyt","tag-herning","tag-karup","tag-lem"],"acf":[],"yoast_head":"<!-- This site is optimized with the Yoast SEO plugin v27.3 - https:\/\/yoast.com\/product\/yoast-seo-wordpress\/ -->\n<title>Flytning til nyt hoveds\u00e6de i Herning - Element Metech<\/title>\n<meta name=\"robots\" content=\"index, follow, max-snippet:-1, max-image-preview:large, max-video-preview:-1\" \/>\n<link rel=\"canonical\" href=\"https:\/\/elementmetech.com\/da\/flytning-til-nyt-hovedsaede-i-herning\/\" \/>\n<meta property=\"og:locale\" content=\"da_DK\" \/>\n<meta property=\"og:type\" content=\"article\" \/>\n<meta property=\"og:title\" content=\"Flytning til nyt hoveds\u00e6de i Herning - Element Metech\" \/>\n<meta property=\"og:description\" content=\"Hermed en opdatering om de seneste fremskridt vedr\u00f8rende vores nye hoveds\u00e6de i Herning. Vi er i fuld gang med byggeriet, og dette markerer et sp\u00e6ndende skridt fremad for Element Metech A\/S. Vi ser frem til de muligheder, dette nye kapitel vil bringe. Her er nogle vigtige opdateringer: Fremdrift p\u00e5 byggepladsen: Byggeriet har hidtil fulgt tidsplanen, [&hellip;]\" \/>\n<meta property=\"og:url\" content=\"https:\/\/elementmetech.com\/da\/flytning-til-nyt-hovedsaede-i-herning\/\" \/>\n<meta property=\"og:site_name\" content=\"Element Metech\" \/>\n<meta property=\"article:published_time\" content=\"2024-06-17T06:55:05+00:00\" \/>\n<meta property=\"article:modified_time\" content=\"2024-06-17T07:08:03+00:00\" \/>\n<meta property=\"og:image\" content=\"https:\/\/elementmetech.com\/wp-content\/uploads\/2024\/06\/SiteDkHerning1-scaled.jpg\" \/>\n\t<meta property=\"og:image:width\" content=\"2560\" \/>\n\t<meta property=\"og:image:height\" content=\"1071\" \/>\n\t<meta property=\"og:image:type\" content=\"image\/jpeg\" \/>\n<meta name=\"author\" content=\"Ella Andersson\" \/>\n<meta name=\"twitter:card\" content=\"summary_large_image\" \/>\n<meta name=\"twitter:label1\" content=\"Skrevet af\" \/>\n\t<meta name=\"twitter:data1\" content=\"Ella Andersson\" \/>\n\t<meta name=\"twitter:label2\" content=\"Estimeret l\u00e6setid\" \/>\n\t<meta name=\"twitter:data2\" content=\"2 minutter\" \/>\n<script type=\"application\/ld+json\" class=\"yoast-schema-graph\">{\"@context\":\"https:\\\/\\\/schema.org\",\"@graph\":[{\"@type\":\"Article\",\"@id\":\"https:\\\/\\\/elementmetech.com\\\/da\\\/flytning-til-nyt-hovedsaede-i-herning\\\/#article\",\"isPartOf\":{\"@id\":\"https:\\\/\\\/elementmetech.com\\\/da\\\/flytning-til-nyt-hovedsaede-i-herning\\\/\"},\"author\":{\"name\":\"Ella Andersson\",\"@id\":\"https:\\\/\\\/elementmetech.com\\\/da\\\/#\\\/schema\\\/person\\\/d675a5f6a1b052b9f3adb3caaa06d38e\"},\"headline\":\"Flytning til nyt hoveds\u00e6de i Herning\",\"datePublished\":\"2024-06-17T06:55:05+00:00\",\"dateModified\":\"2024-06-17T07:08:03+00:00\",\"mainEntityOfPage\":{\"@id\":\"https:\\\/\\\/elementmetech.com\\\/da\\\/flytning-til-nyt-hovedsaede-i-herning\\\/\"},\"wordCount\":348,\"publisher\":{\"@id\":\"https:\\\/\\\/elementmetech.com\\\/da\\\/#organization\"},\"image\":{\"@id\":\"https:\\\/\\\/elementmetech.com\\\/da\\\/flytning-til-nyt-hovedsaede-i-herning\\\/#primaryimage\"},\"thumbnailUrl\":\"https:\\\/\\\/elementmetech.com\\\/wp-content\\\/uploads\\\/2024\\\/06\\\/SiteDkHerning1-scaled.jpg\",\"keywords\":[\"Flyt\",\"Herning\",\"Karup\",\"Lem\"],\"articleSection\":[\"Nyhed\"],\"inLanguage\":\"da-DK\"},{\"@type\":\"WebPage\",\"@id\":\"https:\\\/\\\/elementmetech.com\\\/da\\\/flytning-til-nyt-hovedsaede-i-herning\\\/\",\"url\":\"https:\\\/\\\/elementmetech.com\\\/da\\\/flytning-til-nyt-hovedsaede-i-herning\\\/\",\"name\":\"Flytning til nyt hoveds\u00e6de i Herning - Element Metech\",\"isPartOf\":{\"@id\":\"https:\\\/\\\/elementmetech.com\\\/da\\\/#website\"},\"primaryImageOfPage\":{\"@id\":\"https:\\\/\\\/elementmetech.com\\\/da\\\/flytning-til-nyt-hovedsaede-i-herning\\\/#primaryimage\"},\"image\":{\"@id\":\"https:\\\/\\\/elementmetech.com\\\/da\\\/flytning-til-nyt-hovedsaede-i-herning\\\/#primaryimage\"},\"thumbnailUrl\":\"https:\\\/\\\/elementmetech.com\\\/wp-content\\\/uploads\\\/2024\\\/06\\\/SiteDkHerning1-scaled.jpg\",\"datePublished\":\"2024-06-17T06:55:05+00:00\",\"dateModified\":\"2024-06-17T07:08:03+00:00\",\"breadcrumb\":{\"@id\":\"https:\\\/\\\/elementmetech.com\\\/da\\\/flytning-til-nyt-hovedsaede-i-herning\\\/#breadcrumb\"},\"inLanguage\":\"da-DK\",\"potentialAction\":[{\"@type\":\"ReadAction\",\"target\":[\"https:\\\/\\\/elementmetech.com\\\/da\\\/flytning-til-nyt-hovedsaede-i-herning\\\/\"]}]},{\"@type\":\"ImageObject\",\"inLanguage\":\"da-DK\",\"@id\":\"https:\\\/\\\/elementmetech.com\\\/da\\\/flytning-til-nyt-hovedsaede-i-herning\\\/#primaryimage\",\"url\":\"https:\\\/\\\/elementmetech.com\\\/wp-content\\\/uploads\\\/2024\\\/06\\\/SiteDkHerning1-scaled.jpg\",\"contentUrl\":\"https:\\\/\\\/elementmetech.com\\\/wp-content\\\/uploads\\\/2024\\\/06\\\/SiteDkHerning1-scaled.jpg\",\"width\":2560,\"height\":1071},{\"@type\":\"BreadcrumbList\",\"@id\":\"https:\\\/\\\/elementmetech.com\\\/da\\\/flytning-til-nyt-hovedsaede-i-herning\\\/#breadcrumb\",\"itemListElement\":[{\"@type\":\"ListItem\",\"position\":1,\"name\":\"Home\",\"item\":\"https:\\\/\\\/elementmetech.com\\\/da\\\/\"},{\"@type\":\"ListItem\",\"position\":2,\"name\":\"Flytning til nyt hoveds\u00e6de i Herning\"}]},{\"@type\":\"WebSite\",\"@id\":\"https:\\\/\\\/elementmetech.com\\\/da\\\/#website\",\"url\":\"https:\\\/\\\/elementmetech.com\\\/da\\\/\",\"name\":\"Element Metech\",\"description\":\"Delivering metrological confidence\",\"publisher\":{\"@id\":\"https:\\\/\\\/elementmetech.com\\\/da\\\/#organization\"},\"potentialAction\":[{\"@type\":\"SearchAction\",\"target\":{\"@type\":\"EntryPoint\",\"urlTemplate\":\"https:\\\/\\\/elementmetech.com\\\/da\\\/?s={search_term_string}\"},\"query-input\":{\"@type\":\"PropertyValueSpecification\",\"valueRequired\":true,\"valueName\":\"search_term_string\"}}],\"inLanguage\":\"da-DK\"},{\"@type\":\"Organization\",\"@id\":\"https:\\\/\\\/elementmetech.com\\\/da\\\/#organization\",\"name\":\"Element Metech\",\"url\":\"https:\\\/\\\/elementmetech.com\\\/da\\\/\",\"logo\":{\"@type\":\"ImageObject\",\"inLanguage\":\"da-DK\",\"@id\":\"https:\\\/\\\/elementmetech.com\\\/da\\\/#\\\/schema\\\/logo\\\/image\\\/\",\"url\":\"https:\\\/\\\/elementmetech.com\\\/wp-content\\\/uploads\\\/2021\\\/06\\\/Element-Metech-Logo-1.svg\",\"contentUrl\":\"https:\\\/\\\/elementmetech.com\\\/wp-content\\\/uploads\\\/2021\\\/06\\\/Element-Metech-Logo-1.svg\",\"width\":\"1024\",\"height\":\"1024\",\"caption\":\"Element Metech\"},\"image\":{\"@id\":\"https:\\\/\\\/elementmetech.com\\\/da\\\/#\\\/schema\\\/logo\\\/image\\\/\"},\"sameAs\":[\"https:\\\/\\\/www.linkedin.com\\\/company\\\/element-metech\\\/\"]},{\"@type\":\"Person\",\"@id\":\"https:\\\/\\\/elementmetech.com\\\/da\\\/#\\\/schema\\\/person\\\/d675a5f6a1b052b9f3adb3caaa06d38e\",\"name\":\"Ella Andersson\",\"image\":{\"@type\":\"ImageObject\",\"inLanguage\":\"da-DK\",\"@id\":\"https:\\\/\\\/secure.gravatar.com\\\/avatar\\\/bdfe97c761e43ca6c7eea7331684218781dfa14f77e541275a6ca07c91829827?s=96&d=mm&r=g\",\"url\":\"https:\\\/\\\/secure.gravatar.com\\\/avatar\\\/bdfe97c761e43ca6c7eea7331684218781dfa14f77e541275a6ca07c91829827?s=96&d=mm&r=g\",\"contentUrl\":\"https:\\\/\\\/secure.gravatar.com\\\/avatar\\\/bdfe97c761e43ca6c7eea7331684218781dfa14f77e541275a6ca07c91829827?s=96&d=mm&r=g\",\"caption\":\"Ella Andersson\"}}]}<\/script>\n<!-- \/ Yoast SEO plugin. -->","yoast_head_json":{"title":"Flytning til nyt hoveds\u00e6de i Herning - Element Metech","robots":{"index":"index","follow":"follow","max-snippet":"max-snippet:-1","max-image-preview":"max-image-preview:large","max-video-preview":"max-video-preview:-1"},"canonical":"https:\/\/elementmetech.com\/da\/flytning-til-nyt-hovedsaede-i-herning\/","og_locale":"da_DK","og_type":"article","og_title":"Flytning til nyt hoveds\u00e6de i Herning - Element Metech","og_description":"Hermed en opdatering om de seneste fremskridt vedr\u00f8rende vores nye hoveds\u00e6de i Herning. Vi er i fuld gang med byggeriet, og dette markerer et sp\u00e6ndende skridt fremad for Element Metech A\/S. Vi ser frem til de muligheder, dette nye kapitel vil bringe. Her er nogle vigtige opdateringer: Fremdrift p\u00e5 byggepladsen: Byggeriet har hidtil fulgt tidsplanen, [&hellip;]","og_url":"https:\/\/elementmetech.com\/da\/flytning-til-nyt-hovedsaede-i-herning\/","og_site_name":"Element Metech","article_published_time":"2024-06-17T06:55:05+00:00","article_modified_time":"2024-06-17T07:08:03+00:00","og_image":[{"width":2560,"height":1071,"url":"https:\/\/elementmetech.com\/wp-content\/uploads\/2024\/06\/SiteDkHerning1-scaled.jpg","type":"image\/jpeg"}],"author":"Ella Andersson","twitter_card":"summary_large_image","twitter_misc":{"Skrevet af":"Ella Andersson","Estimeret l\u00e6setid":"2 minutter"},"schema":{"@context":"https:\/\/schema.org","@graph":[{"@type":"Article","@id":"https:\/\/elementmetech.com\/da\/flytning-til-nyt-hovedsaede-i-herning\/#article","isPartOf":{"@id":"https:\/\/elementmetech.com\/da\/flytning-til-nyt-hovedsaede-i-herning\/"},"author":{"name":"Ella Andersson","@id":"https:\/\/elementmetech.com\/da\/#\/schema\/person\/d675a5f6a1b052b9f3adb3caaa06d38e"},"headline":"Flytning til nyt hoveds\u00e6de i Herning","datePublished":"2024-06-17T06:55:05+00:00","dateModified":"2024-06-17T07:08:03+00:00","mainEntityOfPage":{"@id":"https:\/\/elementmetech.com\/da\/flytning-til-nyt-hovedsaede-i-herning\/"},"wordCount":348,"publisher":{"@id":"https:\/\/elementmetech.com\/da\/#organization"},"image":{"@id":"https:\/\/elementmetech.com\/da\/flytning-til-nyt-hovedsaede-i-herning\/#primaryimage"},"thumbnailUrl":"https:\/\/elementmetech.com\/wp-content\/uploads\/2024\/06\/SiteDkHerning1-scaled.jpg","keywords":["Flyt","Herning","Karup","Lem"],"articleSection":["Nyhed"],"inLanguage":"da-DK"},{"@type":"WebPage","@id":"https:\/\/elementmetech.com\/da\/flytning-til-nyt-hovedsaede-i-herning\/","url":"https:\/\/elementmetech.com\/da\/flytning-til-nyt-hovedsaede-i-herning\/","name":"Flytning til nyt hoveds\u00e6de i Herning - Element Metech","isPartOf":{"@id":"https:\/\/elementmetech.com\/da\/#website"},"primaryImageOfPage":{"@id":"https:\/\/elementmetech.com\/da\/flytning-til-nyt-hovedsaede-i-herning\/#primaryimage"},"image":{"@id":"https:\/\/elementmetech.com\/da\/flytning-til-nyt-hovedsaede-i-herning\/#primaryimage"},"thumbnailUrl":"https:\/\/elementmetech.com\/wp-content\/uploads\/2024\/06\/SiteDkHerning1-scaled.jpg","datePublished":"2024-06-17T06:55:05+00:00","dateModified":"2024-06-17T07:08:03+00:00","breadcrumb":{"@id":"https:\/\/elementmetech.com\/da\/flytning-til-nyt-hovedsaede-i-herning\/#breadcrumb"},"inLanguage":"da-DK","potentialAction":[{"@type":"ReadAction","target":["https:\/\/elementmetech.com\/da\/flytning-til-nyt-hovedsaede-i-herning\/"]}]},{"@type":"ImageObject","inLanguage":"da-DK","@id":"https:\/\/elementmetech.com\/da\/flytning-til-nyt-hovedsaede-i-herning\/#primaryimage","url":"https:\/\/elementmetech.com\/wp-content\/uploads\/2024\/06\/SiteDkHerning1-scaled.jpg","contentUrl":"https:\/\/elementmetech.com\/wp-content\/uploads\/2024\/06\/SiteDkHerning1-scaled.jpg","width":2560,"height":1071},{"@type":"BreadcrumbList","@id":"https:\/\/elementmetech.com\/da\/flytning-til-nyt-hovedsaede-i-herning\/#breadcrumb","itemListElement":[{"@type":"ListItem","position":1,"name":"Home","item":"https:\/\/elementmetech.com\/da\/"},{"@type":"ListItem","position":2,"name":"Flytning til nyt hoveds\u00e6de i Herning"}]},{"@type":"WebSite","@id":"https:\/\/elementmetech.com\/da\/#website","url":"https:\/\/elementmetech.com\/da\/","name":"Element Metech","description":"Delivering metrological confidence","publisher":{"@id":"https:\/\/elementmetech.com\/da\/#organization"},"potentialAction":[{"@type":"SearchAction","target":{"@type":"EntryPoint","urlTemplate":"https:\/\/elementmetech.com\/da\/?s={search_term_string}"},"query-input":{"@type":"PropertyValueSpecification","valueRequired":true,"valueName":"search_term_string"}}],"inLanguage":"da-DK"},{"@type":"Organization","@id":"https:\/\/elementmetech.com\/da\/#organization","name":"Element Metech","url":"https:\/\/elementmetech.com\/da\/","logo":{"@type":"ImageObject","inLanguage":"da-DK","@id":"https:\/\/elementmetech.com\/da\/#\/schema\/logo\/image\/","url":"https:\/\/elementmetech.com\/wp-content\/uploads\/2021\/06\/Element-Metech-Logo-1.svg","contentUrl":"https:\/\/elementmetech.com\/wp-content\/uploads\/2021\/06\/Element-Metech-Logo-1.svg","width":"1024","height":"1024","caption":"Element Metech"},"image":{"@id":"https:\/\/elementmetech.com\/da\/#\/schema\/logo\/image\/"},"sameAs":["https:\/\/www.linkedin.com\/company\/element-metech\/"]},{"@type":"Person","@id":"https:\/\/elementmetech.com\/da\/#\/schema\/person\/d675a5f6a1b052b9f3adb3caaa06d38e","name":"Ella Andersson","image":{"@type":"ImageObject","inLanguage":"da-DK","@id":"https:\/\/secure.gravatar.com\/avatar\/bdfe97c761e43ca6c7eea7331684218781dfa14f77e541275a6ca07c91829827?s=96&d=mm&r=g","url":"https:\/\/secure.gravatar.com\/avatar\/bdfe97c761e43ca6c7eea7331684218781dfa14f77e541275a6ca07c91829827?s=96&d=mm&r=g","contentUrl":"https:\/\/secure.gravatar.com\/avatar\/bdfe97c761e43ca6c7eea7331684218781dfa14f77e541275a6ca07c91829827?s=96&d=mm&r=g","caption":"Ella Andersson"}}]}},"_links":{"self":[{"href":"https:\/\/elementmetech.com\/da\/wp-json\/wp\/v2\/posts\/9946","targetHints":{"allow":["GET"]}}],"collection":[{"href":"https:\/\/elementmetech.com\/da\/wp-json\/wp\/v2\/posts"}],"about":[{"href":"https:\/\/elementmetech.com\/da\/wp-json\/wp\/v2\/types\/post"}],"author":[{"embeddable":true,"href":"https:\/\/elementmetech.com\/da\/wp-json\/wp\/v2\/users\/27"}],"replies":[{"embeddable":true,"href":"https:\/\/elementmetech.com\/da\/wp-json\/wp\/v2\/comments?post=9946"}],"version-history":[{"count":0,"href":"https:\/\/elementmetech.com\/da\/wp-json\/wp\/v2\/posts\/9946\/revisions"}],"wp:featuredmedia":[{"embeddable":true,"href":"https:\/\/elementmetech.com\/da\/wp-json\/wp\/v2\/media\/9951"}],"wp:attachment":[{"href":"https:\/\/elementmetech.com\/da\/wp-json\/wp\/v2\/media?parent=9946"}],"wp:term":[{"taxonomy":"category","embeddable":true,"href":"https:\/\/elementmetech.com\/da\/wp-json\/wp\/v2\/categories?post=9946"},{"taxonomy":"post_tag","embeddable":true,"href":"https:\/\/elementmetech.com\/da\/wp-json\/wp\/v2\/tags?post=9946"}],"curies":[{"name":"wp","href":"https:\/\/api.w.org\/{rel}","templated":true}]}}